{"id":284,"date":"2023-05-03T07:00:41","date_gmt":"2023-05-03T14:00:41","guid":{"rendered":"https:\/\/www.liceoloscabos.edu.mx\/liceo_blog\/?p=284"},"modified":"2023-05-01T21:31:13","modified_gmt":"2023-05-02T04:31:13","slug":"cultura-y-arte-en-los-jovenes","status":"publish","type":"post","link":"https:\/\/www.liceoloscabos.edu.mx\/liceo_blog\/cultura-y-arte-en-los-jovenes\/","title":{"rendered":"Cultura y arte en los j\u00f3venes"},"content":{"rendered":"<p><b><i>Cultura y arte en los j\u00f3venes<\/i><\/b><\/p>\n<p style=\"text-align: justify;\"><i><span style=\"font-weight: 400;\">De manera muy general la cultura en los j\u00f3venes son aquellos grupos de actores que se congregan en su medio a una forma de ver y reestructurar su vida, buscan una respuesta a su entorno mediante representaciones propias como la vestimenta, s\u00edmbolos y pr\u00e1cticas particulares incluyendo la lengua generando un factor y un autoconcepto de s\u00ed mismos. La cultura contribuye de manera positiva y eficaz a trav\u00e9s de estrategias y acciones que contemplan el desarrollo social y econ\u00f3mico inclusivo, a la sostenibilidad medioambiental, la convivencia, la paz y la seguridad.<\/span><\/i><\/p>\n<p style=\"text-align: justify;\"><i><span style=\"font-weight: 400;\">La cultura tiene el poder de generar cohesi\u00f3n social e identidad, e incentivar la participaci\u00f3n ciudadana. Tambi\u00e9n tiene el poder de curar heridas a trav\u00e9s de la narraci\u00f3n y la memoria, algo que sin duda vendr\u00e1 bien ante las posturas modernas de auto percepci\u00f3n de realidades.<\/span><\/i><\/p>\n<p style=\"text-align: justify;\">\n<p style=\"text-align: justify;\"><i><span style=\"font-weight: 400;\">Por otro lado, no es sino trav\u00e9s del arte que\u00a0 los j\u00f3venes estimulan diversas capacidades, por ejemplo: potencian su imaginaci\u00f3n, mejoran su expresi\u00f3n oral y habilidades manuales, adem\u00e1s de incrementar su capacidad de concentraci\u00f3n y memoria.<\/span><\/i><\/p>\n<p style=\"text-align: justify;\">\n<p style=\"text-align: justify;\"><i><span style=\"font-weight: 400;\">\u00bfComo influye el contacto con las nuevas culturas en los j\u00f3venes?<\/span><\/i><\/p>\n<p><img decoding=\"async\" loading=\"lazy\" class=\"wp-image-286 alignleft\" src=\"https:\/\/www.liceoloscabos.edu.mx\/liceo_blog\/wp-content\/uploads\/2023\/05\/ballet1-300x233.jpg\" alt=\"\" width=\"406\" height=\"319\" \/><\/p>\n<p style=\"text-align: justify;\">\n<p style=\"text-align: justify;\"><i><span style=\"font-weight: 400;\">Me queda claro que la competencia entre los pueblos por dominar cada espiga que emerge en este campo llamado vida es irreversible, sin embargo depende de nosotros nutrir la hierba, no solo en conocimiento sino aquellos campos que desconocemos como la espiritualidad solo por mencionar alguna; con pasi\u00f3n a lo que hacemos, bondad a los que han cometido una falta, a no tener miedo de expresar nuestro sentir incluso sino podemos hacerlo con palabras a no disculparnos por llevar un tono de piel diferente sea cual sea la condici\u00f3n, compartir y divulgar las ra\u00edces m\u00e1s profundas de nuestro coraz\u00f3n porque como mexicanos tenemos por herencia la similitud de las aguas del R\u00edo Bravo y Usumacinta llenar de vida todo cu\u00e1nto nos rodea pero si es necesario ahogarla por nuestros colores.\u00a0<\/span><\/i><\/p>\n<p style=\"text-align: justify;\">\n<p style=\"text-align: justify;\"><i><span style=\"font-weight: 400;\">\u00bfC\u00f3mo difundir como Universidad el arte?<\/span><\/i><\/p>\n<p style=\"text-align: justify;\">\n<p style=\"text-align: justify;\"><i><span style=\"font-weight: 400;\">Si bien es cierto que los j\u00f3venes de hoy tienen diversas actividades volvi\u00e9ndose multifac\u00e9ticos: Trabajan, estudian, salen, practican deporte o comparten tiempo en alg\u00fan espacio cultural siendo esta \u00faltima en menor medida tambi\u00e9n hay una peque\u00f1a comunidad que podr\u00eda generar un impacto positivo para llevar a las nuevas generaciones un mensaje rotundo de no dejar la sensibilidad del ser humano a un lado.<\/span><\/i><\/p>\n<p style=\"text-align: justify;\">\n<p style=\"text-align: justify;\"><i><span style=\"font-weight: 400;\">Sin embargo hace falta la diversificaci\u00f3n de la oferta cultural y art\u00edstica como; el teatro, la danza, m\u00fasica, artes pl\u00e1sticas y sobre todo la literatura, creo firmemente que Liceo Universitario es el eslab\u00f3n que puede unir la tecnolog\u00eda donde los j\u00f3venes se ven inmersos en diversas apps y donde adoptar esta tendencia es vital para el desarrollo de los proyectos culturales.<\/span><\/i><\/p>\n<p style=\"text-align: justify;\">\n<p style=\"text-align: justify;\"><i><span style=\"font-weight: 400;\">Los festivales locales como digitales son una maravillosa oportunidad para impulsar una propuesta como la nuestra que toque la sensibilidad para permitir el bagaje literario de manera cualitativa y cuantificablemente sum\u00e1ndose a los programas de nuestra localidad para fortalecer su quehacer, adem\u00e1s de dise\u00f1ar una oferta cultural de calidad y contenido formativo y es a trav\u00e9s de la innovaci\u00f3n donde se puede trabajar un plan de acci\u00f3n cultural que propicie y active el gusto de los j\u00f3venes por el arte.<\/span><\/i><\/p>\n<p><i><span style=\"font-weight: 400;\">\u00a0<\/span><\/i><i><span style=\"font-weight: 400;\">Isa\u00ed Hern\u00e1ndez\u00a0 Dami\u00e1n<\/span><\/i><\/p>\n<p><i><span style=\"font-weight: 400;\">Promotor Cultural en Liceo Universitario<\/span><\/i><\/p>\n","protected":false},"excerpt":{"rendered":"<p>Cultura y arte en los j\u00f3venes De manera muy general la cultura en los j\u00f3venes son aquellos grupos de actores que se congregan en su &hellip; <\/p>\n","protected":false},"author":2,"featured_media":285,"comment_status":"closed","ping_status":"closed","sticky":false,"template":"","format":"standard","meta":{"_coblocks_attr":"","_coblocks_dimensions":"","_coblocks_responsive_height":"","_coblocks_accordion_ie_support":""},"categories":[8],"tags":[],"_links":{"self":[{"href":"https:\/\/www.liceoloscabos.edu.mx\/liceo_blog\/wp-json\/wp\/v2\/posts\/284"}],"collection":[{"href":"https:\/\/www.liceoloscabos.edu.mx\/liceo_blog\/wp-json\/wp\/v2\/posts"}],"about":[{"href":"https:\/\/www.liceoloscabos.edu.mx\/liceo_blog\/wp-json\/wp\/v2\/types\/post"}],"author":[{"embeddable":true,"href":"https:\/\/www.liceoloscabos.edu.mx\/liceo_blog\/wp-json\/wp\/v2\/users\/2"}],"replies":[{"embeddable":true,"href":"https:\/\/www.liceoloscabos.edu.mx\/liceo_blog\/wp-json\/wp\/v2\/comments?post=284"}],"version-history":[{"count":1,"href":"https:\/\/www.liceoloscabos.edu.mx\/liceo_blog\/wp-json\/wp\/v2\/posts\/284\/revisions"}],"predecessor-version":[{"id":287,"href":"https:\/\/www.liceoloscabos.edu.mx\/liceo_blog\/wp-json\/wp\/v2\/posts\/284\/revisions\/287"}],"wp:featuredmedia":[{"embeddable":true,"href":"https:\/\/www.liceoloscabos.edu.mx\/liceo_blog\/wp-json\/wp\/v2\/media\/285"}],"wp:attachment":[{"href":"https:\/\/www.liceoloscabos.edu.mx\/liceo_blog\/wp-json\/wp\/v2\/media?parent=284"}],"wp:term":[{"taxonomy":"category","embeddable":true,"href":"https:\/\/www.liceoloscabos.edu.mx\/liceo_blog\/wp-json\/wp\/v2\/categories?post=284"},{"taxonomy":"post_tag","embeddable":true,"href":"https:\/\/www.liceoloscabos.edu.mx\/liceo_blog\/wp-json\/wp\/v2\/tags?post=284"}],"curies":[{"name":"wp","href":"https:\/\/api.w.org\/{rel}","templated":true}]}}