{"id":305,"date":"2023-06-02T07:00:07","date_gmt":"2023-06-02T14:00:07","guid":{"rendered":"https:\/\/www.liceoloscabos.edu.mx\/liceo_blog\/?p=305"},"modified":"2023-05-31T13:44:21","modified_gmt":"2023-05-31T20:44:21","slug":"lo-intangible-del-medio-ambiente","status":"publish","type":"post","link":"https:\/\/www.liceoloscabos.edu.mx\/liceo_blog\/lo-intangible-del-medio-ambiente\/","title":{"rendered":"Lo intangible del medio ambiente."},"content":{"rendered":"<p><b>Lo intangible del medio ambiente.<\/b><\/p>\n<p style=\"text-align: justify;\"><span style=\"font-weight: 400;\">Celebraciones constantes, recordatorios, investigaciones, cr\u00edticas, foros de l\u00edderes especialistas,\u00a0 entre otras acciones que sin dejar de mencionar las rebeliones que nos involucra enfocarnos en el objetivo \u2018perdido\u2019: <\/span><i><span style=\"font-weight: 400;\">las necesidades urgentes de nuestro medio ambiente.<\/span><\/i><\/p>\n<p style=\"text-align: left;\"><span style=\"font-weight: 400;\">En los medios de comunicaci\u00f3n y qu\u00e9 decir en los espacios educativos esas voces se replican sin ser escuchadas por la mayor\u00eda.<\/span><\/p>\n<p style=\"text-align: justify;\"><span style=\"font-weight: 400;\">El 5 de junio se regala a la humanidad \u201cD\u00eda Mundial del Medio Ambiente\u201d en funci\u00f3n de ser el recordatorio desde las Naciones Unidas sobre la importancia del cuidado, equilibrio y preservaci\u00f3n para evitar afectaciones al pueblo y al desarrollo econ\u00f3mico del mundo.\u00a0 \u00a0 Para apreciaci\u00f3n de todos se ha tomado relevancia a distintos nombres a las necesidades que forman parte de nuestras condiciones que nos rodean, que involucran tareas de todos para poder determinar cu\u00e1l el principal s\u00edntoma por cubrir y tratar de prevenir las devastadoras consecuencias que estamos viviendo seg\u00fan la ecolog\u00eda. Pero qu\u00e9 paradoja podemos aplicar para justificarnos \u201cNo hay mal que por bien no venga\u201d o tomando al fil\u00f3sofo S\u00f3crates \u201cYo solo s\u00e9 que no s\u00e9 nada\u201d porque con la inagotable indiferencia podemos llegar a \u201cLo que f\u00e1cil viene, f\u00e1cil se va\u201d y as\u00ed un sin fin de justificaciones para atender la omisi\u00f3n de nuestros deberes y compromisos\u00a0 \u00bfQu\u00e9 estamos haciendo para frenar el deterioro? o \u00bfQu\u00e9 estamos creando para seguir cuidando el medio ambiente?\u00a0 Cada uno podemos realizar una lista de acciones que sean funcionales, promoverlas colectivamente, o simplemente seg\u00fan desde lo que impacta el propio significado de \u201cMedio ambiente\u201d, desde aqu\u00ed parte lo que regalamos al planeta Tierra y sus componentes. Que al fin ya\u00a0 somos\u00a0 una poblaci\u00f3n informada para saber qu\u00e9\u00a0 es adecuado o no para todos.<\/span><\/p>\n<p>&nbsp;<\/p>\n<p><img decoding=\"async\" loading=\"lazy\" class=\" wp-image-308 alignleft\" style=\"text-align: justify;\" src=\"https:\/\/www.liceoloscabos.edu.mx\/liceo_blog\/wp-content\/uploads\/2023\/05\/medioambientefoto-300x183.jpeg\" alt=\"\" width=\"448\" height=\"273\" srcset=\"https:\/\/www.liceoloscabos.edu.mx\/liceo_blog\/wp-content\/uploads\/2023\/05\/medioambientefoto-300x183.jpeg 300w, https:\/\/www.liceoloscabos.edu.mx\/liceo_blog\/wp-content\/uploads\/2023\/05\/medioambientefoto-1024x623.jpeg 1024w, https:\/\/www.liceoloscabos.edu.mx\/liceo_blog\/wp-content\/uploads\/2023\/05\/medioambientefoto-768x468.jpeg 768w, https:\/\/www.liceoloscabos.edu.mx\/liceo_blog\/wp-content\/uploads\/2023\/05\/medioambientefoto-99x60.jpeg 99w, https:\/\/www.liceoloscabos.edu.mx\/liceo_blog\/wp-content\/uploads\/2023\/05\/medioambientefoto.jpeg 1140w\" sizes=\"(max-width: 448px) 100vw, 448px\" \/><\/p>\n<p style=\"text-align: justify;\"><span style=\"font-weight: 400;\">Como sociedad ya poseemos el deber de cuidar el medio, y precisando: tambi\u00e9n nos toca unir en el n\u00facleo del entorno inmediato siendo igual de importante\u00a0 <\/span><b>el medio ambiente en la esfera social-familiar.<\/b><span style=\"font-weight: 400;\"> Poseemos, gozamos, nos servimos y vivimos de ello y para ellos. Aqu\u00ed en este espacio, el equilibrio deber\u00eda seguir siendo la prioridad. Llegar al ensamble exacto desde un balance ecol\u00f3gico y familiar.<\/span><\/p>\n<p style=\"text-align: justify;\"><span style=\"font-weight: 400;\">\u00a0Son igual de impactantes sus consecuencias como sus tareas a favor.\u00a0 \u00a0 Postergar la superioridad de ambas \u00e1reas se vive en lo inmediato, se requiere amor-orden-acci\u00f3n-amor. Son demasiadas la evidencias que se reflejan en el medio ambiente social que formamos todos. Aqu\u00ed lo poderoso del vocablo <\/span><i><span style=\"font-weight: 400;\">formar,<\/span><\/i><span style=\"font-weight: 400;\"> somos todos quienes unimos las piezas para dise\u00f1ar y llegar a la conciencia de lo intangible de nuestro medio: <\/span><b>el amor<\/b><span style=\"font-weight: 400;\">. Que, en ambas esferas biol\u00f3gica y social,\u00a0 se involucran las razones de unir acciones en equidad: Cuido mi ser, cuido mi n\u00facleo, cuido y formo mi entorno.\u00a0<\/span><\/p>\n<p style=\"text-align: justyfi;\"><span style=\"font-weight: 400;\">Tomemos las voces del silencioso medio ambiente: qu\u00e9 nos dice, qu\u00e9 nos reclama y atendamos con los nuestros esas necesidades \u00bfQu\u00e9 escuchas? Tal vez -\u00a1Cu\u00eddame, necesito de ti! Lo que sea que nuestros corazones escuchen, hagamos a la par con toda la sensibilidad atender los silencios de nuestros medios ambientes y as\u00ed no vivir en las paradojas.<\/span><\/p>\n","protected":false},"excerpt":{"rendered":"<p>Lo intangible del medio ambiente. Celebraciones constantes, recordatorios, investigaciones, cr\u00edticas, foros de l\u00edderes especialistas,\u00a0 entre otras acciones que sin dejar de mencionar las rebeliones que &hellip; <\/p>\n","protected":false},"author":2,"featured_media":307,"comment_status":"closed","ping_status":"closed","sticky":false,"template":"","format":"standard","meta":{"_coblocks_attr":"","_coblocks_dimensions":"","_coblocks_responsive_height":"","_coblocks_accordion_ie_support":""},"categories":[8],"tags":[],"_links":{"self":[{"href":"https:\/\/www.liceoloscabos.edu.mx\/liceo_blog\/wp-json\/wp\/v2\/posts\/305"}],"collection":[{"href":"https:\/\/www.liceoloscabos.edu.mx\/liceo_blog\/wp-json\/wp\/v2\/posts"}],"about":[{"href":"https:\/\/www.liceoloscabos.edu.mx\/liceo_blog\/wp-json\/wp\/v2\/types\/post"}],"author":[{"embeddable":true,"href":"https:\/\/www.liceoloscabos.edu.mx\/liceo_blog\/wp-json\/wp\/v2\/users\/2"}],"replies":[{"embeddable":true,"href":"https:\/\/www.liceoloscabos.edu.mx\/liceo_blog\/wp-json\/wp\/v2\/comments?post=305"}],"version-history":[{"count":3,"href":"https:\/\/www.liceoloscabos.edu.mx\/liceo_blog\/wp-json\/wp\/v2\/posts\/305\/revisions"}],"predecessor-version":[{"id":310,"href":"https:\/\/www.liceoloscabos.edu.mx\/liceo_blog\/wp-json\/wp\/v2\/posts\/305\/revisions\/310"}],"wp:featuredmedia":[{"embeddable":true,"href":"https:\/\/www.liceoloscabos.edu.mx\/liceo_blog\/wp-json\/wp\/v2\/media\/307"}],"wp:attachment":[{"href":"https:\/\/www.liceoloscabos.edu.mx\/liceo_blog\/wp-json\/wp\/v2\/media?parent=305"}],"wp:term":[{"taxonomy":"category","embeddable":true,"href":"https:\/\/www.liceoloscabos.edu.mx\/liceo_blog\/wp-json\/wp\/v2\/categories?post=305"},{"taxonomy":"post_tag","embeddable":true,"href":"https:\/\/www.liceoloscabos.edu.mx\/liceo_blog\/wp-json\/wp\/v2\/tags?post=305"}],"curies":[{"name":"wp","href":"https:\/\/api.w.org\/{rel}","templated":true}]}}