{"id":334,"date":"2023-07-07T07:00:50","date_gmt":"2023-07-07T14:00:50","guid":{"rendered":"https:\/\/www.liceoloscabos.edu.mx\/liceo_blog\/?p=334"},"modified":"2023-07-04T09:03:47","modified_gmt":"2023-07-04T16:03:47","slug":"cambios-emocionales-de-primaria-a-secundaria","status":"publish","type":"post","link":"https:\/\/www.liceoloscabos.edu.mx\/liceo_blog\/cambios-emocionales-de-primaria-a-secundaria\/","title":{"rendered":"Cambios Emocionales, de Primaria a Secundaria"},"content":{"rendered":"<p style=\"text-align: justify;\"><span style=\"font-weight: 400;\">La transici\u00f3n de la escuela primaria a la secundaria es un momento crucial en la vida de cualquier estudiante. No solo implica un cambio en el entorno acad\u00e9mico, sino que tambi\u00e9n conlleva una serie de cambios emocionales significativos. Durante este per\u00edodo de transici\u00f3n, los ni\u00f1os experimentan una amplia gama de emociones que pueden influir en su bienestar y desarrollo personal.<\/span><\/p>\n<p style=\"text-align: justify;\"><span style=\"font-weight: 400;\">En primer lugar, es importante tener en cuenta que los cambios f\u00edsicos y hormonales propios de la adolescencia desempe\u00f1an un papel importante en<\/span><\/p>\n<p><img decoding=\"async\" loading=\"lazy\" class=\"size-medium wp-image-335 alignright\" src=\"https:\/\/www.liceoloscabos.edu.mx\/liceo_blog\/wp-content\/uploads\/2023\/07\/Sin-titulo-1-300x257.jpg\" alt=\"\" width=\"300\" height=\"257\" srcset=\"https:\/\/www.liceoloscabos.edu.mx\/liceo_blog\/wp-content\/uploads\/2023\/07\/Sin-titulo-1-300x257.jpg 300w, https:\/\/www.liceoloscabos.edu.mx\/liceo_blog\/wp-content\/uploads\/2023\/07\/Sin-titulo-1-70x60.jpg 70w, https:\/\/www.liceoloscabos.edu.mx\/liceo_blog\/wp-content\/uploads\/2023\/07\/Sin-titulo-1.jpg 305w\" sizes=\"(max-width: 300px) 100vw, 300px\" \/><\/p>\n<p style=\"text-align: justify;\"><span style=\"font-weight: 400;\">\u00a0los cambios emocionales que experimentan los estudiantes durante esta etapa. A medida que los ni\u00f1os ingresan a la pubertad, sus cuerpos experimentan un r\u00e1pido crecimiento y desarrollo, lo que puede causar inseguridad y confusi\u00f3n. Estos cambios f\u00edsicos a menudo se acompa\u00f1an de una mayor autoconciencia y preocupaci\u00f3n por la apariencia, lo que puede generar ansiedad y baja autoestima.<\/span><\/p>\n<p style=\"text-align: justify;\"><span style=\"font-weight: 400;\">Adem\u00e1s, la transici\u00f3n de la escuela primaria a la secundaria implica un cambio en el entorno social. Los estudiantes se encuentran con nuevos compa\u00f1eros de clase y maestros, lo que puede generar ansiedad social y miedo a ser juzgados por los dem\u00e1s. La presi\u00f3n de encajar y pertenecer a un grupo se vuelve m\u00e1s intensa en la secundaria, lo que puede llevar a una mayor sensibilidad ante el rechazo y la exclusi\u00f3n.<\/span><\/p>\n<p style=\"text-align: justify;\"><span style=\"font-weight: 400;\">Investigaciones recientes coinciden en identificar la Transici\u00f3n entre la etapa Primaria y la Secundaria como uno de los momentos clave en la configuraci\u00f3n de las trayectorias escolares (Akos, 2010; Galton, 2010; Monarca y Rinc\u00f3n, 2010). Aunque como se\u00f1ala Gimeno (1996), el paso de la Primaria a la Secundaria marca una de las discontinuidades m\u00e1s llamativas, pero como que estamos ya tan habituados a vivir sus rupturas, no lo percibimos como conflicto y no se le da, por tanto, la importancia que requiere.<\/span><\/p>\n<p style=\"text-align: justify;\"><span style=\"font-weight: 400;\">Otro cambio emocional significativo que ocurre durante esta transici\u00f3n es la aparici\u00f3n de una mayor independencia y responsabilidad. En la secundaria, los estudiantes suelen tener que gestionar sus horarios, tareas y responsabilidades acad\u00e9micas de manera m\u00e1s aut\u00f3noma. Este aumento en la carga de responsabilidades puede generar estr\u00e9s y presi\u00f3n, especialmente si los estudiantes no est\u00e1n preparados para afrontar estos desaf\u00edos.<\/span><\/p>\n<p style=\"text-align: justify;\"><span style=\"font-weight: 400;\">Por \u00faltimo, la b\u00fasqueda de identidad se vuelve m\u00e1s prominente durante la adolescencia. Los estudiantes comienzan a cuestionarse qui\u00e9nes son y qu\u00e9 quieren en la vida. Experimentan cambios en sus intereses, valores y perspectivas, lo que puede generar una sensaci\u00f3n de inestabilidad emocional. La necesidad de definirse a s\u00ed mismos y encontrar su lugar en el mundo puede llevar a una mayor introspecci\u00f3n y reflexi\u00f3n sobre su identidad.<\/span><\/p>\n<p style=\"text-align: justify;\"><span style=\"font-weight: 400;\">En conclusi\u00f3n, la transici\u00f3n de la escuela primaria a la secundaria implica una serie de cambios emocionales significativos para los estudiantes. Estos cambios est\u00e1n influenciados por los aspectos f\u00edsicos, sociales y cognitivos propios de la adolescencia. Es fundamental que los padres, educadores y la comunidad en general brinden un apoyo emocional adecuado durante esta etapa de transici\u00f3n, fomentando la autoestima, la resiliencia y la comunicaci\u00f3n abierta. De esta manera, los estudiantes podr\u00e1n navegar con \u00e9xito por los desaf\u00edos emocionales que acompa\u00f1an a esta etapa de desarrollo y alcanzar un bienestar emocional \u00f3ptimo.<\/span><\/p>\n<p>&nbsp;<\/p>\n<p><span style=\"font-weight: 400;\">Antonella I. Garc\u00eda Astiz\u00a0<\/span><\/p>\n<p><span style=\"font-weight: 400;\">Coach de Espa\u00f1ol de 6\u00b0 de primaria<\/span><\/p>\n","protected":false},"excerpt":{"rendered":"<p>La transici\u00f3n de la escuela primaria a la secundaria es un momento crucial en la vida de cualquier estudiante. No solo implica un cambio en &hellip; <\/p>\n","protected":false},"author":2,"featured_media":336,"comment_status":"closed","ping_status":"closed","sticky":false,"template":"","format":"standard","meta":{"_coblocks_attr":"","_coblocks_dimensions":"","_coblocks_responsive_height":"","_coblocks_accordion_ie_support":""},"categories":[9],"tags":[],"_links":{"self":[{"href":"https:\/\/www.liceoloscabos.edu.mx\/liceo_blog\/wp-json\/wp\/v2\/posts\/334"}],"collection":[{"href":"https:\/\/www.liceoloscabos.edu.mx\/liceo_blog\/wp-json\/wp\/v2\/posts"}],"about":[{"href":"https:\/\/www.liceoloscabos.edu.mx\/liceo_blog\/wp-json\/wp\/v2\/types\/post"}],"author":[{"embeddable":true,"href":"https:\/\/www.liceoloscabos.edu.mx\/liceo_blog\/wp-json\/wp\/v2\/users\/2"}],"replies":[{"embeddable":true,"href":"https:\/\/www.liceoloscabos.edu.mx\/liceo_blog\/wp-json\/wp\/v2\/comments?post=334"}],"version-history":[{"count":2,"href":"https:\/\/www.liceoloscabos.edu.mx\/liceo_blog\/wp-json\/wp\/v2\/posts\/334\/revisions"}],"predecessor-version":[{"id":338,"href":"https:\/\/www.liceoloscabos.edu.mx\/liceo_blog\/wp-json\/wp\/v2\/posts\/334\/revisions\/338"}],"wp:featuredmedia":[{"embeddable":true,"href":"https:\/\/www.liceoloscabos.edu.mx\/liceo_blog\/wp-json\/wp\/v2\/media\/336"}],"wp:attachment":[{"href":"https:\/\/www.liceoloscabos.edu.mx\/liceo_blog\/wp-json\/wp\/v2\/media?parent=334"}],"wp:term":[{"taxonomy":"category","embeddable":true,"href":"https:\/\/www.liceoloscabos.edu.mx\/liceo_blog\/wp-json\/wp\/v2\/categories?post=334"},{"taxonomy":"post_tag","embeddable":true,"href":"https:\/\/www.liceoloscabos.edu.mx\/liceo_blog\/wp-json\/wp\/v2\/tags?post=334"}],"curies":[{"name":"wp","href":"https:\/\/api.w.org\/{rel}","templated":true}]}}