{"id":363,"date":"2023-09-01T10:58:59","date_gmt":"2023-09-01T17:58:59","guid":{"rendered":"https:\/\/www.liceoloscabos.edu.mx\/liceo_blog\/?p=363"},"modified":"2023-09-01T10:58:59","modified_gmt":"2023-09-01T17:58:59","slug":"la-educacion-inicial-y-sus-etapas","status":"publish","type":"post","link":"https:\/\/www.liceoloscabos.edu.mx\/liceo_blog\/la-educacion-inicial-y-sus-etapas\/","title":{"rendered":"La educaci\u00f3n inicial y sus etapas."},"content":{"rendered":"<p>La educaci\u00f3n inicial y sus etapas.<\/p>\n<h6>Miss Ana Sof\u00eda<\/h6>\n<p>&nbsp;<\/p>\n<p style=\"text-align: justyfi;\">Somos conscientes que como padres de familia una de las experiencias m\u00e1s satisfactorias en la vida es saber guiar y acompa\u00f1ar a nuestros peque\u00f1os en cada una de las etapas de su crecimiento,posiblemente en alg\u00fan lado hemos escuchado sobre la estimulaci\u00f3n temprana,maternal o quiz\u00e1 creemos que solo existe el nivel preescolar o muchas veces no se le da la suficiente relevancia.<br \/>\nEs por eso que el d\u00eda de hoy daremos a conocer su importancia y cu\u00e1les son las etapas que la conforman.<br \/>\nLa educaci\u00f3n inicial es un proceso donde se busca potencializar al m\u00e1ximo el desarrollo integral de los ni\u00f1os y ni\u00f1as desde su nacimiento hasta los 6 a\u00f1os de edad.<br \/>\nEn esta etapa los ni\u00f1os establecen la mayor cantidad de conexiones cerebrales es por eso que es considerada una de las etapas m\u00e1s importantes.<br \/>\nEn este per\u00edodo se pueden ense\u00f1ar las bases que servir\u00e1n para su desarrollo cognitivo, psicomotor y social.<br \/>\n\u00bfY bien ?&#8230; cu\u00e1les son las etapas que conforman la educaci\u00f3n inicial:<\/p>\n<p style=\"text-align: justyfi;\">Estimulaci\u00f3n temprana o Nursery (0 a 2 a\u00f1os):<\/p>\n<p style=\"text-align: justyfi;\">Es la primera etapa de la educaci\u00f3n inicial, y se enfoca principalmente en el desarrollo psicomotor y cognitivo del peque\u00f1o, aunque tambi\u00e9n se ejercita el \u00e1rea emocional y social.<br \/>\nDurante esta etapa los ni\u00f1os ejercitan distintas \u00e1reas fundamentales para su desarrollo a trav\u00e9s de actividades estimulantes.<\/p>\n<p style=\"text-align: justyfi;\">Maternal o Toddlers(2 a 3 a\u00f1os):<\/p>\n<p style=\"text-align: justyfi;\">El maternal ser\u00eda el paso siguiente en educaci\u00f3n preescolar, despu\u00e9s de concluir la estimulaci\u00f3n temprana. Aunque las actividades estimulantes contin\u00faan, ahora tienen un nivel de dificultad superior.<br \/>\nEn esta etapa experimentan actividades m\u00e1s enfocadas en el desarrollo del lenguaje, coordinaci\u00f3n motriz y conocimiento del medio.<\/p>\n<p style=\"text-align: justyfi;\">K\u00ednder (3 a 6 a\u00f1os):<\/p>\n<p style=\"text-align: justyfi;\">Esta etapa ya forma parte de la educaci\u00f3n b\u00e1sica formal y tambi\u00e9n se le llama preescolar; es importante aclarar que es un nivel educativo con caracter\u00edsticas propias.<\/p>\n<p style=\"text-align: left;\">En este momento se trabajan la expresi\u00f3n y las habilidades de socializaci\u00f3n, la conciencia fonol\u00f3gica ,destrezas manuales, la lectoescritura, razonamiento matem\u00e1tico, comprensi\u00f3n del mundo natural, as\u00ed como el desarrollo neuromotor.<\/p>\n<p style=\"text-align: left;\">Aqu\u00ed tambi\u00e9n se procura trabajar en el desarrollo integral de la personalidad para formar ni\u00f1os felices y seguros de sus capacidades.<br \/>\n\u201cEl periodo m\u00e1s importante de la vida,no es el de los a\u00f1os de la universidad;si no el<br \/>\nperiodo del nacimiento hasta los 6 a\u00f1os de edad\u201d<\/p>\n<p style=\"text-align: left;\">-Mar\u00eda Montessori<\/p>\n<p style=\"text-align: left;\">La infancia es donde los ni\u00f1os muestran mayor inter\u00e9s por explorar y comprender su entorno, es en esta etapa donde aprenden m\u00e1s que en cualquier otro momento de sus vidas, siendo as\u00ed la educaci\u00f3n inicial la base para los pr\u00f3ximos niveles<br \/>\neducativos.<\/p>\n<p>Bienvenidos a este nuevo ciclo escolar 2023-224<\/p>\n<p>&nbsp;<\/p>\n","protected":false},"excerpt":{"rendered":"<p>La educaci\u00f3n inicial y sus etapas. Miss Ana Sof\u00eda &nbsp; Somos conscientes que como padres de familia una de las experiencias m\u00e1s satisfactorias en la &hellip; <\/p>\n","protected":false},"author":2,"featured_media":364,"comment_status":"closed","ping_status":"closed","sticky":false,"template":"","format":"standard","meta":{"_coblocks_attr":"","_coblocks_dimensions":"","_coblocks_responsive_height":"","_coblocks_accordion_ie_support":""},"categories":[7],"tags":[],"_links":{"self":[{"href":"https:\/\/www.liceoloscabos.edu.mx\/liceo_blog\/wp-json\/wp\/v2\/posts\/363"}],"collection":[{"href":"https:\/\/www.liceoloscabos.edu.mx\/liceo_blog\/wp-json\/wp\/v2\/posts"}],"about":[{"href":"https:\/\/www.liceoloscabos.edu.mx\/liceo_blog\/wp-json\/wp\/v2\/types\/post"}],"author":[{"embeddable":true,"href":"https:\/\/www.liceoloscabos.edu.mx\/liceo_blog\/wp-json\/wp\/v2\/users\/2"}],"replies":[{"embeddable":true,"href":"https:\/\/www.liceoloscabos.edu.mx\/liceo_blog\/wp-json\/wp\/v2\/comments?post=363"}],"version-history":[{"count":2,"href":"https:\/\/www.liceoloscabos.edu.mx\/liceo_blog\/wp-json\/wp\/v2\/posts\/363\/revisions"}],"predecessor-version":[{"id":366,"href":"https:\/\/www.liceoloscabos.edu.mx\/liceo_blog\/wp-json\/wp\/v2\/posts\/363\/revisions\/366"}],"wp:featuredmedia":[{"embeddable":true,"href":"https:\/\/www.liceoloscabos.edu.mx\/liceo_blog\/wp-json\/wp\/v2\/media\/364"}],"wp:attachment":[{"href":"https:\/\/www.liceoloscabos.edu.mx\/liceo_blog\/wp-json\/wp\/v2\/media?parent=363"}],"wp:term":[{"taxonomy":"category","embeddable":true,"href":"https:\/\/www.liceoloscabos.edu.mx\/liceo_blog\/wp-json\/wp\/v2\/categories?post=363"},{"taxonomy":"post_tag","embeddable":true,"href":"https:\/\/www.liceoloscabos.edu.mx\/liceo_blog\/wp-json\/wp\/v2\/tags?post=363"}],"curies":[{"name":"wp","href":"https:\/\/api.w.org\/{rel}","templated":true}]}}