{"id":389,"date":"2023-10-27T07:00:01","date_gmt":"2023-10-27T14:00:01","guid":{"rendered":"https:\/\/www.liceoloscabos.edu.mx\/liceo_blog\/?p=389"},"modified":"2023-10-25T11:57:54","modified_gmt":"2023-10-25T18:57:54","slug":"ya-es-tiempo-de-pensar-en-navidad","status":"publish","type":"post","link":"https:\/\/www.liceoloscabos.edu.mx\/liceo_blog\/ya-es-tiempo-de-pensar-en-navidad\/","title":{"rendered":"\u00bfYa es tiempo de pensar en Navidad?"},"content":{"rendered":"<p><b>\u00bfYa es tiempo de pensar en Navidad?<\/b><\/p>\n<p><i><span style=\"font-weight: 400;\">Por Noem\u00ed Amador\u00a0<\/span><\/i><\/p>\n<p>&nbsp;<\/p>\n<p style=\"text-align: justify;\"><span style=\"font-weight: 400;\">Nos encontramos a mediados de octubre y sin duda, el sentir navide\u00f1o puede llegar a invadirnos.\u00a0 No te sientas culpable, ni mucho menos pienses que est\u00e1s siendo parte de la mercadotecnia que est\u00e1 alrededor de esta fecha tan importante y emblem\u00e1tica.\u00a0<\/span><\/p>\n<p style=\"text-align: justify;\"><span style=\"font-weight: 400;\">Es imposible que un suceso tan transcendental en la historia no genere tanta emoci\u00f3n, expectativa y sobre todo, que la sociedad busque generar un beneficio a ra\u00edz de la misma, es pr\u00e1cticamente imposible que las grandes empresas y comercializadoras no se aprovechen de dicho suceso.\u00a0<\/span><\/p>\n<p style=\"text-align: justify;\"><span style=\"font-weight: 400;\">Lo que tambi\u00e9n es imposible negar es la emoci\u00f3n, sensaci\u00f3n y felicidad que dicha fecha provoca en los corazones de cientos de personas, puesto que, a\u00fan de manera inconsciente reconocemos en nuestro interior la importancia, magnitud e impacto del cumplimiento de una promesa invaluable que Dios le hizo a su pueblo.<\/span><\/p>\n<p style=\"text-align: justify;\"><span style=\"font-weight: 400;\">Pero, \u00bfqu\u00e9 es la navidad?, el nacimiento de Jes\u00fas, eso es la navidad, ese tiempo de paz indescriptible que, sin duda es un tiempo para renovar la fe, amar a los dem\u00e1s, y poner en alto el amor y paz. Por ello es fundamental compartir con los hijos los valores y ense\u00f1arles que la felicidad no s\u00f3lo est\u00e1 en los obsequios y en los regalos materiales. Lo primordial es disfrutar en familia con alegr\u00eda y espiritualidad.<\/span><\/p>\n<p style=\"text-align: justify;\"><span style=\"font-weight: 400;\">No podemos negar tantos recuerdos que nos invaden de esas navidades cuando \u00e9ramos ni\u00f1os, cuando esper\u00e1bamos dicha fecha para ir a la casa de los abuelos, para ver a esos primos y t\u00edos que hac\u00eda ya tiempo que no ve\u00edas, a disfrutar y jugar, comer la rica comida que mam\u00e1 y abuela preparaban juntas, a sentir ese amor y uni\u00f3n familiar, sin duda, son experiencias que quedan grabadas en nuestros corazones, y el tiempo no se detiene querido amigo, querida amiga, un d\u00eda ser\u00e1s t\u00fa; ser\u00e1s esa abuela, ese abuelo que un par de chiquillos traviesos anhelar\u00e1n por visitar, ser\u00e1s t\u00fa el encargado de hacer navidades inolvidables para ellos, pero recuerda, la navidad no es Santa Claus, no son regalos costosos, no son comidas en los mejores lugares, no son noches de beber alcohol sin control, LA NAVIDAD es paz, es amor, es tranquilidad.<\/span><\/p>\n<p>&nbsp;<\/p>\n<p><span style=\"font-weight: 400;\">Disfruten sus preparativos y con gran gozo les digo, \u00a1Feliz Navidad!.\u00a0<\/span><\/p>\n<p>&nbsp;<\/p>\n","protected":false},"excerpt":{"rendered":"<p>\u00bfYa es tiempo de pensar en Navidad? Por Noem\u00ed Amador\u00a0 &nbsp; Nos encontramos a mediados de octubre y sin duda, el sentir navide\u00f1o puede llegar &hellip; <\/p>\n","protected":false},"author":2,"featured_media":391,"comment_status":"closed","ping_status":"closed","sticky":false,"template":"","format":"standard","meta":{"_coblocks_attr":"","_coblocks_dimensions":"","_coblocks_responsive_height":"","_coblocks_accordion_ie_support":""},"categories":[8],"tags":[],"_links":{"self":[{"href":"https:\/\/www.liceoloscabos.edu.mx\/liceo_blog\/wp-json\/wp\/v2\/posts\/389"}],"collection":[{"href":"https:\/\/www.liceoloscabos.edu.mx\/liceo_blog\/wp-json\/wp\/v2\/posts"}],"about":[{"href":"https:\/\/www.liceoloscabos.edu.mx\/liceo_blog\/wp-json\/wp\/v2\/types\/post"}],"author":[{"embeddable":true,"href":"https:\/\/www.liceoloscabos.edu.mx\/liceo_blog\/wp-json\/wp\/v2\/users\/2"}],"replies":[{"embeddable":true,"href":"https:\/\/www.liceoloscabos.edu.mx\/liceo_blog\/wp-json\/wp\/v2\/comments?post=389"}],"version-history":[{"count":1,"href":"https:\/\/www.liceoloscabos.edu.mx\/liceo_blog\/wp-json\/wp\/v2\/posts\/389\/revisions"}],"predecessor-version":[{"id":390,"href":"https:\/\/www.liceoloscabos.edu.mx\/liceo_blog\/wp-json\/wp\/v2\/posts\/389\/revisions\/390"}],"wp:featuredmedia":[{"embeddable":true,"href":"https:\/\/www.liceoloscabos.edu.mx\/liceo_blog\/wp-json\/wp\/v2\/media\/391"}],"wp:attachment":[{"href":"https:\/\/www.liceoloscabos.edu.mx\/liceo_blog\/wp-json\/wp\/v2\/media?parent=389"}],"wp:term":[{"taxonomy":"category","embeddable":true,"href":"https:\/\/www.liceoloscabos.edu.mx\/liceo_blog\/wp-json\/wp\/v2\/categories?post=389"},{"taxonomy":"post_tag","embeddable":true,"href":"https:\/\/www.liceoloscabos.edu.mx\/liceo_blog\/wp-json\/wp\/v2\/tags?post=389"}],"curies":[{"name":"wp","href":"https:\/\/api.w.org\/{rel}","templated":true}]}}