{"id":548,"date":"2024-03-16T10:07:33","date_gmt":"2024-03-16T17:07:33","guid":{"rendered":"https:\/\/www.liceoloscabos.edu.mx\/liceo_blog\/?p=548"},"modified":"2024-03-16T10:17:03","modified_gmt":"2024-03-16T17:17:03","slug":"8-de-marzo-dia-internacional-de-la-mujer","status":"publish","type":"post","link":"https:\/\/www.liceoloscabos.edu.mx\/liceo_blog\/8-de-marzo-dia-internacional-de-la-mujer\/","title":{"rendered":"8 de marzo, d\u00eda Internacional de la Mujer\u00a0"},"content":{"rendered":"<p><b>8 de marzo, d\u00eda Internacional de la Mujer\u00a0<\/b><\/p>\n<p><b>Por: Carolina Villanueva\u00a0<\/b><\/p>\n<p>&nbsp;<\/p>\n<p style=\"text-align: Justify;\"><span style=\"font-weight: 400;\">Se acerca el 8 de marzo y como cada a\u00f1o miles de mujeres de todas las edades desde las ni\u00f1as peque\u00f1as hasta nuestras madres y abuelas nos organizamos de diferentes maneras para crear nuevos lazos y fortalecer los que ya hemos creado.\u00a0<\/span><\/p>\n<p style=\"text-align: Justify;\">\n<p style=\"text-align: Justify;\"><span style=\"font-weight: 400;\">El objetivo de este d\u00eda es visualizar la independencia de la mujer y su lucha por nuestra libertad, concientizar sobre la importancia de empoderarnos en todos los entornos, y proteger y garantizar nuestros derechos y nuestra libertad para decidir sobre nosotras mismas, sobre nuestra manera de vestir, lo que queremos estudiar y en qu\u00e9 queremos trabajar, etc.\u00a0<\/span><\/p>\n<p style=\"text-align: Justify;\">\n<p style=\"text-align: Justify;\"><span style=\"font-weight: 400;\">Tambi\u00e9n se habla sobre el rol de la mujer y c\u00f3mo este ha cambiado a lo largo del tiempo. Sin embargo no todas las mujeres buscamos o tenemos los mismos objetivos: algunas quieren ser madres y estar a cargo del hogar y la familia, otras prefieren no tener hijos y seguir desarroll\u00e1ndose en el \u00e1mbito personal, profesional o acad\u00e9mico, algunas otras quieren viajar y conocer el mundo o ser mujeres de negocios. Otras como yo, somos madres solteras y buscamos encontrar el equilibrio entre el trabajo y las responsabilidades para criar a nuestros hijos con amor y dedicaci\u00f3n.\u00a0<\/span><\/p>\n<p style=\"text-align: Justify;\">\n<p style=\"text-align: Justify;\"><span style=\"font-weight: 400;\">Al final lo que cuenta es el respeto sobre nuestras desiciones. Cada cabeza es un mundo y solo uno mismo conoce su historia de vida.\u00a0<\/span><\/p>\n<p style=\"text-align: Justify;\">\n<p style=\"text-align: Justify;\"><span style=\"font-weight: 400;\">En esta escuela he conocido mujeres y chicas maravillosas, desde la mam\u00e1 que lucha trabajando arduo d\u00eda a d\u00eda para poder dar la mejor educaci\u00f3n y las mejores herramientas a sus hijos, o la que dej\u00f3 su casa para buscar una mejor vida junto a su familia, otras que\u00a0 como el f\u00e9nix se han levantando y han vencido ante todo pron\u00f3stico a enfermedades y que emanan amor, comprensi\u00f3n y empat\u00eda o aquellas que siempre tendr\u00e1n una mano de ayuda y una sonrisa para alegrar tu d\u00eda, tambi\u00e9n hay muchas alumnas incre\u00edbles, responsables, estudiosas y con inteligencia que destaca ya que ganan en olimpiadas matem\u00e1ticas, crean proyectos de ciencia , aprenden idiomas\u00a0 o son grandes artistas, escritoras o cantantes, otras ganan medallas en el deporte y adem\u00e1s nos representan incluso a nivel nacional. Otras mujeres centran su lucha en su espiritualidad, en el amor o en el trabajo. Esta historia podr\u00eda no tener fin ya que somos muchas y destacamos en diferentes ambitos.\u00a0<\/span><\/p>\n<p>&nbsp;<\/p>\n<p><span style=\"font-weight: 400;\">\u00a1Que orgullo siento de compartir este espacio con ustedes!\u00a0<\/span><\/p>\n<p>&nbsp;<\/p>\n<p style=\"text-align: Justify;\"><span style=\"font-weight: 400;\">Sigamos fomentando nuestros lazos de amistad y amor y creciendo de la mano, aprendiendo las unas de las otras y creando espacios de respeto, solidaridad y empat\u00eda donde siempre estemos seguras y podamos seguir creciendo en todos las aspectos de nuestra vidas. <\/span><\/p>\n","protected":false},"excerpt":{"rendered":"<p>8 de marzo, d\u00eda Internacional de la Mujer\u00a0 Por: Carolina Villanueva\u00a0 &nbsp; Se acerca el 8 de marzo y como cada a\u00f1o miles de mujeres &hellip; <\/p>\n","protected":false},"author":2,"featured_media":551,"comment_status":"closed","ping_status":"closed","sticky":false,"template":"","format":"standard","meta":{"_coblocks_attr":"","_coblocks_dimensions":"","_coblocks_responsive_height":"","_coblocks_accordion_ie_support":""},"categories":[8],"tags":[],"_links":{"self":[{"href":"https:\/\/www.liceoloscabos.edu.mx\/liceo_blog\/wp-json\/wp\/v2\/posts\/548"}],"collection":[{"href":"https:\/\/www.liceoloscabos.edu.mx\/liceo_blog\/wp-json\/wp\/v2\/posts"}],"about":[{"href":"https:\/\/www.liceoloscabos.edu.mx\/liceo_blog\/wp-json\/wp\/v2\/types\/post"}],"author":[{"embeddable":true,"href":"https:\/\/www.liceoloscabos.edu.mx\/liceo_blog\/wp-json\/wp\/v2\/users\/2"}],"replies":[{"embeddable":true,"href":"https:\/\/www.liceoloscabos.edu.mx\/liceo_blog\/wp-json\/wp\/v2\/comments?post=548"}],"version-history":[{"count":4,"href":"https:\/\/www.liceoloscabos.edu.mx\/liceo_blog\/wp-json\/wp\/v2\/posts\/548\/revisions"}],"predecessor-version":[{"id":550,"href":"https:\/\/www.liceoloscabos.edu.mx\/liceo_blog\/wp-json\/wp\/v2\/posts\/548\/revisions\/550"}],"wp:featuredmedia":[{"embeddable":true,"href":"https:\/\/www.liceoloscabos.edu.mx\/liceo_blog\/wp-json\/wp\/v2\/media\/551"}],"wp:attachment":[{"href":"https:\/\/www.liceoloscabos.edu.mx\/liceo_blog\/wp-json\/wp\/v2\/media?parent=548"}],"wp:term":[{"taxonomy":"category","embeddable":true,"href":"https:\/\/www.liceoloscabos.edu.mx\/liceo_blog\/wp-json\/wp\/v2\/categories?post=548"},{"taxonomy":"post_tag","embeddable":true,"href":"https:\/\/www.liceoloscabos.edu.mx\/liceo_blog\/wp-json\/wp\/v2\/tags?post=548"}],"curies":[{"name":"wp","href":"https:\/\/api.w.org\/{rel}","templated":true}]}}