{"id":651,"date":"2024-10-11T13:21:02","date_gmt":"2024-10-11T20:21:02","guid":{"rendered":"https:\/\/www.liceoloscabos.edu.mx\/liceo_blog\/?p=651"},"modified":"2024-10-15T08:03:02","modified_gmt":"2024-10-15T15:03:02","slug":"la-salud-mental","status":"publish","type":"post","link":"https:\/\/www.liceoloscabos.edu.mx\/liceo_blog\/la-salud-mental\/","title":{"rendered":"La salud mental"},"content":{"rendered":"<h2>La Salud Mental<\/h2>\n<h5>Nydia Renter\u00eda Barr\u00f3n<br \/>\nLICEO UNIVERSITARIO<\/h5>\n<p style=\"text-align: Justify;\">En el mes de octubre en nuestro pa\u00eds y el mundo podremos escuchar hablar en distintos espacios sobre la importancia de D\u00eda Mundial de la Salud Mental, se hace \u00e9nfasis a este tema con el objetivo general de concienciar sobre los problemas relacionados con la salud mental y movilizar esfuerzos para ayudar a mejorarla. Este a\u00f1o, el tema escogido es La salud mental en el lugar de trabajo.<\/p>\n<p style=\"text-align: Justify;\">Como dato general se menciona que m\u00e1s de 300 millones de personas en el mundo padecen depresi\u00f3n, un trastorno que es la principal causa de discapacidad psicosocial. Adem\u00e1s, muchas de ellas sufren tambi\u00e9n s\u00edntomas de ansiedad.<\/p>\n<p style=\"text-align: Justify;\">Seg\u00fan un reciente estudio dirigido por la OMS, los trastornos por depresi\u00f3n y por ansiedad cuestan a la econom\u00eda mundial US$ 1 bill\u00f3n anual en p\u00e9rdida de productividad. Se sabe que la globalizaci\u00f3n ha contribuido al estr\u00e9s relacionado con el trabajo y a sus trastornos asociados. Una de cada cinco personas en \u00e1mbito laboral puede experimentar un trastorno de salud mental.<\/p>\n<p style=\"text-align: Justify;\">La salud mental es un componente esencial del bienestar integral de las personas, que influye en c\u00f3mo pensamos,\u00a0 sentimos y nos relacionamos con los dem\u00e1s. En un mundo cada vez m\u00e1s complejo y acelerado, el reconocimiento de la importancia de la salud mental se ha vuelto fundamental.<\/p>\n<p style=\"text-align: Justify;\">A medida que enfrentamos desaf\u00edos como el estr\u00e9s cotidiano, la presi\u00f3n social y las incertidumbres globales, se hace imperativo no solo abordar los trastornos mentales, sino tambi\u00e9n fomentar un estado de bienestar emocional.<\/p>\n<p style=\"text-align: Justify;\">La salud mental cuando no se logra afecta a personas de todas las edades, es por ello que damos la importancia el d\u00eda de hoy para que como padres de familia y educadores hablemos con responsabilidad y sensibilidad lo que conlleva el llegar a lograr ante nuestros hijos y alumnos el conocer y practicar acciones que encaminen a obtener Salud Mental.<\/p>\n<p style=\"text-align: Justify;\">La Salud Mental: Una Prioridad Colectiva Es un tema que ha ganado visibilidad es un estado de bienestar emocional, psicol\u00f3gico y social. Afecta c\u00f3mo pensamos, sentimos y nos relacionamos con los dem\u00e1s, lo que la convierte en un aspecto esencial de nuestra vida cotidiana. Es necesario tomar en cuenta que podemos iniciar desde nuestro hogar la idea de fomentar una cultura donde hablar de salud mental sea tan natural como hablar de salud f\u00edsica.<\/p>\n<p style=\"text-align: Justify;\">La educaci\u00f3n y la sensibilizaci\u00f3n son herramientas poderosas que pueden transformar la percepci\u00f3n social y alentar a quienes necesitan ayuda a buscarla.<\/p>\n<p style=\"text-align: Justify;\">La salud mental debe ser una prioridad colectiva. Todos tenemos un papel que desempe\u00f1ar, ya sea apoyando a alguien cercano, promoviendo la educaci\u00f3n sobre el tema o defendiendo pol\u00edticas que prioricen el bienestar mental en nuestras comunidades. Al hacerlo, no solo mejoramos nuestras propias vidas, sino que tambi\u00e9n contribuimos a un entorno m\u00e1s saludable y compasivo para todos.<\/p>\n<p style=\"text-align: Justify;\">Ante la importancia de iniciar a promover acciones como padres y educadores qu\u00e9 se puede realizar desde el contexto inmediato a favor de la Salud Mental, se describen algunas sugerencias.<\/p>\n<p style=\"text-align: Justify;\">Fomentar la Comunicaci\u00f3n Abierta. Crear un entorno donde los j\u00f3venes se sientan c\u00f3modos compartiendo sus pensamientos y emociones. Escuchar sin juzgar es fundamental.<\/p>\n<p style=\"text-align: Justify;\">Promover el Autocuidado. Animar a los j\u00f3venes a practicar t\u00e9cnicas de autocuidado, como la meditaci\u00f3n, el ejercicio, una alimentaci\u00f3n equilibrada y un sue\u00f1o adecuado.<\/p>\n<p style=\"text-align: Justify;\">Crear Redes de Apoyo. Fomentar la formaci\u00f3n de grupos de apoyo y actividades extracurriculares donde los j\u00f3venes puedan socializar y construir amistades.<\/p>\n<p style=\"text-align: Justify;\">Limitar el uso de redes sociales. Incentivar un uso saludable de las redes sociales, estableciendo l\u00edmites y promoviendo el tiempo fuera de l\u00ednea para reducir la comparaci\u00f3n social.<\/p>\n<p style=\"text-align: Justify;\">Acceso a Recursos de Salud Mental. Asegurarse de que los j\u00f3venes conozcan los recursos disponibles, como consejeros escolares y l\u00edneas de ayuda, y que se sientan c\u00f3modos utiliz\u00e1ndolos.<\/p>\n<p style=\"text-align: Justify;\">Fomentar Actividades Creativas. Incluir actividades art\u00edsticas y creativas que permitan a los j\u00f3venes expresarse y procesar sus emociones de manera saludable.<\/p>\n<p style=\"text-align: Justify;\">Desarrollar Habilidades de Resiliencia. Ense\u00f1ar a los j\u00f3venes a enfrentar desaf\u00edos, estableciendo metas realistas y estrategias para superar obst\u00e1culos.<\/p>\n<p style=\"text-align: Justify;\">Promover el Voluntariado. Involucrar a los j\u00f3venes en actividades de voluntariado para fomentar un sentido de prop\u00f3sito y conexi\u00f3n con la comunidad.<\/p>\n<p style=\"text-align: Justify;\">Lo que como sociedad activa ante este tema se pretende, es que seamos emp\u00e1ticos brindando herramientas del autocuidado para obtener calidad de vida y productividad.<\/p>\n<p style=\"text-align: Justify;\">Como educadores y padres podemos aportar a crear un entorno m\u00e1s saludable y solidario para los j\u00f3venes, permiti\u00e9ndoles prosperar emocionalmente y desarrollar habilidades que les servir\u00e1n a lo largo de su vida para construir entornos resilientes y compasivos, donde cada uno pueda prosperar y alcanzar su m\u00e1ximo potencial. Involucr\u00e9monos y hagamos que esto sea posible.<\/p>\n<p>Nydia Renter\u00eda Barr\u00f3n<br \/>\nLICEO UNIVERSITARIO<\/p>\n","protected":false},"excerpt":{"rendered":"<p>La Salud Mental Nydia Renter\u00eda Barr\u00f3n LICEO UNIVERSITARIO En el mes de octubre en nuestro pa\u00eds y el mundo podremos escuchar hablar en distintos espacios &hellip; <\/p>\n","protected":false},"author":2,"featured_media":654,"comment_status":"closed","ping_status":"closed","sticky":false,"template":"","format":"standard","meta":{"_coblocks_attr":"","_coblocks_dimensions":"","_coblocks_responsive_height":"","_coblocks_accordion_ie_support":""},"categories":[11],"tags":[],"_links":{"self":[{"href":"https:\/\/www.liceoloscabos.edu.mx\/liceo_blog\/wp-json\/wp\/v2\/posts\/651"}],"collection":[{"href":"https:\/\/www.liceoloscabos.edu.mx\/liceo_blog\/wp-json\/wp\/v2\/posts"}],"about":[{"href":"https:\/\/www.liceoloscabos.edu.mx\/liceo_blog\/wp-json\/wp\/v2\/types\/post"}],"author":[{"embeddable":true,"href":"https:\/\/www.liceoloscabos.edu.mx\/liceo_blog\/wp-json\/wp\/v2\/users\/2"}],"replies":[{"embeddable":true,"href":"https:\/\/www.liceoloscabos.edu.mx\/liceo_blog\/wp-json\/wp\/v2\/comments?post=651"}],"version-history":[{"count":8,"href":"https:\/\/www.liceoloscabos.edu.mx\/liceo_blog\/wp-json\/wp\/v2\/posts\/651\/revisions"}],"predecessor-version":[{"id":656,"href":"https:\/\/www.liceoloscabos.edu.mx\/liceo_blog\/wp-json\/wp\/v2\/posts\/651\/revisions\/656"}],"wp:featuredmedia":[{"embeddable":true,"href":"https:\/\/www.liceoloscabos.edu.mx\/liceo_blog\/wp-json\/wp\/v2\/media\/654"}],"wp:attachment":[{"href":"https:\/\/www.liceoloscabos.edu.mx\/liceo_blog\/wp-json\/wp\/v2\/media?parent=651"}],"wp:term":[{"taxonomy":"category","embeddable":true,"href":"https:\/\/www.liceoloscabos.edu.mx\/liceo_blog\/wp-json\/wp\/v2\/categories?post=651"},{"taxonomy":"post_tag","embeddable":true,"href":"https:\/\/www.liceoloscabos.edu.mx\/liceo_blog\/wp-json\/wp\/v2\/tags?post=651"}],"curies":[{"name":"wp","href":"https:\/\/api.w.org\/{rel}","templated":true}]}}